{"id":437,"date":"2023-07-05T12:32:19","date_gmt":"2023-07-05T10:32:19","guid":{"rendered":"https:\/\/guitare.csvennes.fr\/?p=437"},"modified":"2023-09-08T23:02:51","modified_gmt":"2023-09-08T21:02:51","slug":"encore-une-annee-qui-se-termine","status":"publish","type":"post","link":"https:\/\/guitare.csvennes.fr\/?p=437","title":{"rendered":"Encore une ann\u00e9e qui se termine&#8230;"},"content":{"rendered":"\n<p>Et voil\u00e0, le temps est pass\u00e9 tr\u00e8s vite, trop vite peut-\u00eatre. Nous avons repris le chemin des r\u00e9p\u00e9titions en septembre 2022. R\u00e9gis nous attendait de pied ferme avec plein de nouveaut\u00e9s et certaines difficult\u00e9s &#x1f609;<\/p>\n\n\n\n<p>Un petit nouveau nous a rejoint cette ann\u00e9e. Bienvenue \u00e0 toi Denis! Nouveau, oui, mais pas novice. Voici du sang neuf et un atout de taille pour aider \u00e0 l&rsquo;accompagnement (et au chant!).<\/p>\n\n\n\n<p>Les r\u00e9p\u00e9titions s&rsquo;enchainent, et malheureusement, nous perdons Yvette qui ne peut plus nous suivre faute de temps cette ann\u00e9e, mais nous esp\u00e9rons te retrouver l&rsquo;ann\u00e9e prochaine &#x1f91e;<\/p>\n\n\n\n<p>Chacun et chacune travaille d&rsquo;arrache pied. Yves continue l&rsquo;initiation et chacun \u00e0 notre tour, au gr\u00e9 de nos disponibilit\u00e9s, participons \u00e0 ce temps, ce qui nous permet de travailler d&rsquo;autres choses.<\/p>\n\n\n\n<p>Les morceaux se mettent en place, plus ou moins rapidement pour certains &#x1f923; et R\u00e9gis propose que ceux qui veulent puissent chanter. Ni une, ni deux, Daniel et Denis se proposent, et voici 2 puis 3 chansons qui s&rsquo;ajoutent \u00e0 notre r\u00e9pertoire.<\/p>\n\n\n\n<p>Juin arrive et c&rsquo;est le d\u00e9but de notre tourn\u00e9e (localement reconnue&#x270c;&#xfe0f;&#x1f923;). Nous avons commenc\u00e9 par une apr\u00e8s-midi (avec pas moins de 2 repr\u00e9sentations!!!) aux \u00ab\u00a0jardins de Brou\u00a0\u00bb (maison de retraite du quartier) o\u00f9 nos ain\u00e9s ont, semble-t-il, appr\u00e9ci\u00e9 notre prestation. <\/p>\n\n\n\n<p>Puis, pour la deuxi\u00e8me ann\u00e9e cons\u00e9cutive, nous \u00e9tions convi\u00e9s \u00e0 la f\u00eate de la musique \u00e0 Ceyz\u00e9riat. Moins vent\u00e9e que l&rsquo;ann\u00e9e pr\u00e9c\u00e9dente, nous avons encore savour\u00e9 ce moment dans le th\u00e9\u00e2tre de verdure. Merci \u00e0 Fr\u00e9d\u00e9rique pour son invitation!<\/p>\n\n\n\n<p>Et bien s\u00fbr, nous avons jou\u00e9 pour les traditionnels \u00ab\u00a0feux de la Saint Jean\u00a0\u00bb, temps fort de l&rsquo;animation socio-culturelle du quartier des Vennes.<\/p>\n\n\n\n<p>Enfin, le lendemain, nous \u00e9tions invit\u00e9s \u00e0 prendre part \u00e0 la f\u00eate du quartier voisin (La croix blanche) o\u00f9 nous avons termin\u00e9 cette ann\u00e9e riche en moments de partage et de rencontres.<\/p>\n\n\n\n<p>Voici un petit r\u00e9capitulatif en vid\u00e9o de nos prestations de cette ann\u00e9e. Merci \u00e0 MC (elle se reconnaitra &#x1f609;) pour la prise des vid\u00e9os, et \u00e0 R\u00e9gis pour tout ton travail d&rsquo;accompagnement cette ann\u00e9e encore, et le temps (que tu ne comptes pas) pour le montage de la vid\u00e9o et l&rsquo;\u00e9criture des partitions.<\/p>\n\n\n\n<figure class=\"wp-block-embed is-type-video is-provider-youtube wp-block-embed-youtube wp-embed-aspect-16-9 wp-has-aspect-ratio\"><div class=\"wp-block-embed__wrapper\">\n<iframe loading=\"lazy\" title=\"Compil  2023 Atelier Guitare Vennes\" width=\"840\" height=\"473\" src=\"https:\/\/www.youtube.com\/embed\/L4FClZ3_pcw?feature=oembed\" frameborder=\"0\" allow=\"accelerometer; autoplay; clipboard-write; encrypted-media; gyroscope; picture-in-picture; web-share\" allowfullscreen><\/iframe>\n<\/div><figcaption class=\"wp-element-caption\">aper\u00e7u de notre concert 2023 \u00e0 la croix blanche<\/figcaption><\/figure>\n\n\n\n<p>Place aux vacances pour tous (sauf peut-\u00eatre pour toi R\u00e9gis qui doit d\u00e9j\u00e0 \u00eatre dans la pr\u00e9paration de la saison prochaine&#x1f609;) et rendez-vous \u00e0 la rentr\u00e9e pour de nouvelles aventures \u00ab\u00a0guitaristiques\u00a0\u00bb avec, nous l&rsquo;esp\u00e9rons, de nouveaux adeptes pour nous rejoindre. <\/p>\n","protected":false},"excerpt":{"rendered":"<p>Et voil\u00e0, le temps est pass\u00e9 tr\u00e8s vite, trop vite peut-\u00eatre. Nous avons repris le chemin des r\u00e9p\u00e9titions en septembre 2022. R\u00e9gis nous attendait de &hellip; <\/p>\n","protected":false},"author":2,"featured_media":464,"comment_status":"open","ping_status":"closed","sticky":false,"template":"","format":"standard","meta":{"footnotes":""},"categories":[1],"tags":[54],"_links":{"self":[{"href":"https:\/\/guitare.csvennes.fr\/index.php?rest_route=\/wp\/v2\/posts\/437"}],"collection":[{"href":"https:\/\/guitare.csvennes.fr\/index.php?rest_route=\/wp\/v2\/posts"}],"about":[{"href":"https:\/\/guitare.csvennes.fr\/index.php?rest_route=\/wp\/v2\/types\/post"}],"author":[{"embeddable":true,"href":"https:\/\/guitare.csvennes.fr\/index.php?rest_route=\/wp\/v2\/users\/2"}],"replies":[{"embeddable":true,"href":"https:\/\/guitare.csvennes.fr\/index.php?rest_route=%2Fwp%2Fv2%2Fcomments&post=437"}],"version-history":[{"count":1,"href":"https:\/\/guitare.csvennes.fr\/index.php?rest_route=\/wp\/v2\/posts\/437\/revisions"}],"predecessor-version":[{"id":438,"href":"https:\/\/guitare.csvennes.fr\/index.php?rest_route=\/wp\/v2\/posts\/437\/revisions\/438"}],"wp:featuredmedia":[{"embeddable":true,"href":"https:\/\/guitare.csvennes.fr\/index.php?rest_route=\/wp\/v2\/media\/464"}],"wp:attachment":[{"href":"https:\/\/guitare.csvennes.fr\/index.php?rest_route=%2Fwp%2Fv2%2Fmedia&parent=437"}],"wp:term":[{"taxonomy":"category","embeddable":true,"href":"https:\/\/guitare.csvennes.fr\/index.php?rest_route=%2Fwp%2Fv2%2Fcategories&post=437"},{"taxonomy":"post_tag","embeddable":true,"href":"https:\/\/guitare.csvennes.fr\/index.php?rest_route=%2Fwp%2Fv2%2Ftags&post=437"}],"curies":[{"name":"wp","href":"https:\/\/api.w.org\/{rel}","templated":true}]}}